{"id":1061,"date":"2020-06-21T12:01:02","date_gmt":"2020-06-21T11:01:02","guid":{"rendered":"https:\/\/www.medikuregem.be\/marche-hebdomadaire\/"},"modified":"2021-10-05T12:50:27","modified_gmt":"2021-10-05T11:50:27","slug":"marche-hebdomadaire","status":"publish","type":"post","link":"https:\/\/www.medikuregem.be\/fr\/marche-hebdomadaire\/","title":{"rendered":"Marche hebdomadaire"},"content":{"rendered":"<p><strong>Qui<\/strong>: toute personne qui a besoin d&rsquo;exercice<!--more--><br \/>\n<strong>Quand<\/strong>: tous les mardis et jeudis \u00e0 10h30<br \/>\n<strong>O\u00f9<\/strong>: WGC Medikuregem <\/p>\n<p>Chaque semaine, un petit groupe de patients sort, accompagn\u00e9 par un volontaire et \/ ou la promotrice de sant\u00e9. D&rsquo;autres coll\u00e8gues se relaient \u00e9galement, ce qui est tr\u00e8s motivant pour les patients. Nous croyons que la marche peut \u00eatre un tremplin tr\u00e8s accessible pour encourager les patients \u00e0 faire de l&rsquo;exercice &#8211; et g\u00e9n\u00e9ralement \u00e0 travailler sur leur sant\u00e9.<\/p>\n","protected":false},"excerpt":{"rendered":"<p>Qui: toute personne qui a besoin d&rsquo;exercice<\/p>\n","protected":false},"author":5,"featured_media":801,"comment_status":"closed","ping_status":"closed","sticky":false,"template":"","format":"standard","meta":{"_monsterinsights_skip_tracking":false,"_monsterinsights_sitenote_active":false,"_monsterinsights_sitenote_note":"","_monsterinsights_sitenote_category":0,"_genesis_hide_title":false,"_genesis_hide_breadcrumbs":false,"_genesis_hide_singular_image":false,"_genesis_hide_footer_widgets":false,"_genesis_custom_body_class":"","_genesis_custom_post_class":"","_genesis_layout":"sidebar-content","footnotes":""},"categories":[50],"tags":[],"class_list":{"0":"post-1061","1":"post","2":"type-post","3":"status-publish","4":"format-standard","5":"has-post-thumbnail","7":"category-participez","8":"entry"},"yoast_head":"<!-- This site is optimized with the Yoast SEO plugin v27.4 - https:\/\/yoast.com\/product\/yoast-seo-wordpress\/ -->\n<title>Marche hebdomadaire - Medikuregem.be<\/title>\n<meta name=\"robots\" content=\"index, follow, max-snippet:-1, max-image-preview:large, max-video-preview:-1\" \/>\n<link rel=\"canonical\" href=\"https:\/\/www.medikuregem.be\/fr\/marche-hebdomadaire\/\" \/>\n<meta property=\"og:locale\" content=\"fr_FR\" \/>\n<meta property=\"og:type\" content=\"article\" \/>\n<meta property=\"og:title\" content=\"Marche hebdomadaire - Medikuregem.be\" \/>\n<meta property=\"og:description\" content=\"Qui: toute personne qui a besoin d&rsquo;exercice\" \/>\n<meta property=\"og:url\" content=\"https:\/\/www.medikuregem.be\/fr\/marche-hebdomadaire\/\" \/>\n<meta property=\"og:site_name\" content=\"Medikuregem.be\" \/>\n<meta property=\"article:published_time\" content=\"2020-06-21T11:01:02+00:00\" \/>\n<meta property=\"article:modified_time\" content=\"2021-10-05T11:50:27+00:00\" \/>\n<meta property=\"og:image\" content=\"https:\/\/www.medikuregem.be\/wp-content\/uploads\/2020\/06\/wandeling-scaled.jpg\" \/>\n\t<meta property=\"og:image:width\" content=\"2560\" \/>\n\t<meta property=\"og:image:height\" content=\"1920\" \/>\n\t<meta property=\"og:image:type\" content=\"image\/jpeg\" \/>\n<meta name=\"author\" content=\"Kristof\" \/>\n<meta name=\"twitter:card\" content=\"summary_large_image\" \/>\n<meta name=\"twitter:label1\" content=\"\u00c9crit par\" \/>\n\t<meta name=\"twitter:data1\" content=\"Kristof\" \/>\n<script type=\"application\/ld+json\" class=\"yoast-schema-graph\">{\"@context\":\"https:\\\/\\\/schema.org\",\"@graph\":[{\"@type\":\"Article\",\"@id\":\"https:\\\/\\\/www.medikuregem.be\\\/fr\\\/marche-hebdomadaire\\\/#article\",\"isPartOf\":{\"@id\":\"https:\\\/\\\/www.medikuregem.be\\\/fr\\\/marche-hebdomadaire\\\/\"},\"author\":{\"name\":\"Kristof\",\"@id\":\"https:\\\/\\\/www.medikuregem.be\\\/#\\\/schema\\\/person\\\/07ba63f86067b12f07248aee74beaca8\"},\"headline\":\"Marche hebdomadaire\",\"datePublished\":\"2020-06-21T11:01:02+00:00\",\"dateModified\":\"2021-10-05T11:50:27+00:00\",\"mainEntityOfPage\":{\"@id\":\"https:\\\/\\\/www.medikuregem.be\\\/fr\\\/marche-hebdomadaire\\\/\"},\"wordCount\":83,\"publisher\":{\"@id\":\"https:\\\/\\\/www.medikuregem.be\\\/#organization\"},\"image\":{\"@id\":\"https:\\\/\\\/www.medikuregem.be\\\/fr\\\/marche-hebdomadaire\\\/#primaryimage\"},\"thumbnailUrl\":\"https:\\\/\\\/www.medikuregem.be\\\/wp-content\\\/uploads\\\/2020\\\/06\\\/wandeling-scaled.jpg\",\"articleSection\":[\"Participez\"],\"inLanguage\":\"fr-FR\"},{\"@type\":\"WebPage\",\"@id\":\"https:\\\/\\\/www.medikuregem.be\\\/fr\\\/marche-hebdomadaire\\\/\",\"url\":\"https:\\\/\\\/www.medikuregem.be\\\/fr\\\/marche-hebdomadaire\\\/\",\"name\":\"Marche hebdomadaire - Medikuregem.be\",\"isPartOf\":{\"@id\":\"https:\\\/\\\/www.medikuregem.be\\\/#website\"},\"primaryImageOfPage\":{\"@id\":\"https:\\\/\\\/www.medikuregem.be\\\/fr\\\/marche-hebdomadaire\\\/#primaryimage\"},\"image\":{\"@id\":\"https:\\\/\\\/www.medikuregem.be\\\/fr\\\/marche-hebdomadaire\\\/#primaryimage\"},\"thumbnailUrl\":\"https:\\\/\\\/www.medikuregem.be\\\/wp-content\\\/uploads\\\/2020\\\/06\\\/wandeling-scaled.jpg\",\"datePublished\":\"2020-06-21T11:01:02+00:00\",\"dateModified\":\"2021-10-05T11:50:27+00:00\",\"breadcrumb\":{\"@id\":\"https:\\\/\\\/www.medikuregem.be\\\/fr\\\/marche-hebdomadaire\\\/#breadcrumb\"},\"inLanguage\":\"fr-FR\",\"potentialAction\":[{\"@type\":\"ReadAction\",\"target\":[\"https:\\\/\\\/www.medikuregem.be\\\/fr\\\/marche-hebdomadaire\\\/\"]}]},{\"@type\":\"ImageObject\",\"inLanguage\":\"fr-FR\",\"@id\":\"https:\\\/\\\/www.medikuregem.be\\\/fr\\\/marche-hebdomadaire\\\/#primaryimage\",\"url\":\"https:\\\/\\\/www.medikuregem.be\\\/wp-content\\\/uploads\\\/2020\\\/06\\\/wandeling-scaled.jpg\",\"contentUrl\":\"https:\\\/\\\/www.medikuregem.be\\\/wp-content\\\/uploads\\\/2020\\\/06\\\/wandeling-scaled.jpg\",\"width\":2560,\"height\":1920},{\"@type\":\"BreadcrumbList\",\"@id\":\"https:\\\/\\\/www.medikuregem.be\\\/fr\\\/marche-hebdomadaire\\\/#breadcrumb\",\"itemListElement\":[{\"@type\":\"ListItem\",\"position\":1,\"name\":\"Home\",\"item\":\"https:\\\/\\\/www.medikuregem.be\\\/fr\\\/home\\\/\"},{\"@type\":\"ListItem\",\"position\":2,\"name\":\"Marche hebdomadaire\"}]},{\"@type\":\"WebSite\",\"@id\":\"https:\\\/\\\/www.medikuregem.be\\\/#website\",\"url\":\"https:\\\/\\\/www.medikuregem.be\\\/\",\"name\":\"Medikuregem.be\",\"description\":\"\",\"publisher\":{\"@id\":\"https:\\\/\\\/www.medikuregem.be\\\/#organization\"},\"potentialAction\":[{\"@type\":\"SearchAction\",\"target\":{\"@type\":\"EntryPoint\",\"urlTemplate\":\"https:\\\/\\\/www.medikuregem.be\\\/?s={search_term_string}\"},\"query-input\":{\"@type\":\"PropertyValueSpecification\",\"valueRequired\":true,\"valueName\":\"search_term_string\"}}],\"inLanguage\":\"fr-FR\"},{\"@type\":\"Organization\",\"@id\":\"https:\\\/\\\/www.medikuregem.be\\\/#organization\",\"name\":\"Wijkgezondheidscentrum Medikuregem VZW\",\"url\":\"https:\\\/\\\/www.medikuregem.be\\\/\",\"logo\":{\"@type\":\"ImageObject\",\"inLanguage\":\"fr-FR\",\"@id\":\"https:\\\/\\\/www.medikuregem.be\\\/#\\\/schema\\\/logo\\\/image\\\/\",\"url\":\"https:\\\/\\\/www.medikuregem.be\\\/wp-content\\\/uploads\\\/2020\\\/06\\\/cropped-Logo_WGC_MEDIKUREGEM_rgb_2-kleuren.png\",\"contentUrl\":\"https:\\\/\\\/www.medikuregem.be\\\/wp-content\\\/uploads\\\/2020\\\/06\\\/cropped-Logo_WGC_MEDIKUREGEM_rgb_2-kleuren.png\",\"width\":2116,\"height\":484,\"caption\":\"Wijkgezondheidscentrum Medikuregem VZW\"},\"image\":{\"@id\":\"https:\\\/\\\/www.medikuregem.be\\\/#\\\/schema\\\/logo\\\/image\\\/\"}},{\"@type\":\"Person\",\"@id\":\"https:\\\/\\\/www.medikuregem.be\\\/#\\\/schema\\\/person\\\/07ba63f86067b12f07248aee74beaca8\",\"name\":\"Kristof\",\"url\":\"https:\\\/\\\/www.medikuregem.be\\\/fr\\\/author\\\/kristof\\\/\"}]}<\/script>\n<!-- \/ Yoast SEO plugin. -->","yoast_head_json":{"title":"Marche hebdomadaire - Medikuregem.be","robots":{"index":"index","follow":"follow","max-snippet":"max-snippet:-1","max-image-preview":"max-image-preview:large","max-video-preview":"max-video-preview:-1"},"canonical":"https:\/\/www.medikuregem.be\/fr\/marche-hebdomadaire\/","og_locale":"fr_FR","og_type":"article","og_title":"Marche hebdomadaire - Medikuregem.be","og_description":"Qui: toute personne qui a besoin d&rsquo;exercice","og_url":"https:\/\/www.medikuregem.be\/fr\/marche-hebdomadaire\/","og_site_name":"Medikuregem.be","article_published_time":"2020-06-21T11:01:02+00:00","article_modified_time":"2021-10-05T11:50:27+00:00","og_image":[{"width":2560,"height":1920,"url":"https:\/\/www.medikuregem.be\/wp-content\/uploads\/2020\/06\/wandeling-scaled.jpg","type":"image\/jpeg"}],"author":"Kristof","twitter_card":"summary_large_image","twitter_misc":{"\u00c9crit par":"Kristof"},"schema":{"@context":"https:\/\/schema.org","@graph":[{"@type":"Article","@id":"https:\/\/www.medikuregem.be\/fr\/marche-hebdomadaire\/#article","isPartOf":{"@id":"https:\/\/www.medikuregem.be\/fr\/marche-hebdomadaire\/"},"author":{"name":"Kristof","@id":"https:\/\/www.medikuregem.be\/#\/schema\/person\/07ba63f86067b12f07248aee74beaca8"},"headline":"Marche hebdomadaire","datePublished":"2020-06-21T11:01:02+00:00","dateModified":"2021-10-05T11:50:27+00:00","mainEntityOfPage":{"@id":"https:\/\/www.medikuregem.be\/fr\/marche-hebdomadaire\/"},"wordCount":83,"publisher":{"@id":"https:\/\/www.medikuregem.be\/#organization"},"image":{"@id":"https:\/\/www.medikuregem.be\/fr\/marche-hebdomadaire\/#primaryimage"},"thumbnailUrl":"https:\/\/www.medikuregem.be\/wp-content\/uploads\/2020\/06\/wandeling-scaled.jpg","articleSection":["Participez"],"inLanguage":"fr-FR"},{"@type":"WebPage","@id":"https:\/\/www.medikuregem.be\/fr\/marche-hebdomadaire\/","url":"https:\/\/www.medikuregem.be\/fr\/marche-hebdomadaire\/","name":"Marche hebdomadaire - Medikuregem.be","isPartOf":{"@id":"https:\/\/www.medikuregem.be\/#website"},"primaryImageOfPage":{"@id":"https:\/\/www.medikuregem.be\/fr\/marche-hebdomadaire\/#primaryimage"},"image":{"@id":"https:\/\/www.medikuregem.be\/fr\/marche-hebdomadaire\/#primaryimage"},"thumbnailUrl":"https:\/\/www.medikuregem.be\/wp-content\/uploads\/2020\/06\/wandeling-scaled.jpg","datePublished":"2020-06-21T11:01:02+00:00","dateModified":"2021-10-05T11:50:27+00:00","breadcrumb":{"@id":"https:\/\/www.medikuregem.be\/fr\/marche-hebdomadaire\/#breadcrumb"},"inLanguage":"fr-FR","potentialAction":[{"@type":"ReadAction","target":["https:\/\/www.medikuregem.be\/fr\/marche-hebdomadaire\/"]}]},{"@type":"ImageObject","inLanguage":"fr-FR","@id":"https:\/\/www.medikuregem.be\/fr\/marche-hebdomadaire\/#primaryimage","url":"https:\/\/www.medikuregem.be\/wp-content\/uploads\/2020\/06\/wandeling-scaled.jpg","contentUrl":"https:\/\/www.medikuregem.be\/wp-content\/uploads\/2020\/06\/wandeling-scaled.jpg","width":2560,"height":1920},{"@type":"BreadcrumbList","@id":"https:\/\/www.medikuregem.be\/fr\/marche-hebdomadaire\/#breadcrumb","itemListElement":[{"@type":"ListItem","position":1,"name":"Home","item":"https:\/\/www.medikuregem.be\/fr\/home\/"},{"@type":"ListItem","position":2,"name":"Marche hebdomadaire"}]},{"@type":"WebSite","@id":"https:\/\/www.medikuregem.be\/#website","url":"https:\/\/www.medikuregem.be\/","name":"Medikuregem.be","description":"","publisher":{"@id":"https:\/\/www.medikuregem.be\/#organization"},"potentialAction":[{"@type":"SearchAction","target":{"@type":"EntryPoint","urlTemplate":"https:\/\/www.medikuregem.be\/?s={search_term_string}"},"query-input":{"@type":"PropertyValueSpecification","valueRequired":true,"valueName":"search_term_string"}}],"inLanguage":"fr-FR"},{"@type":"Organization","@id":"https:\/\/www.medikuregem.be\/#organization","name":"Wijkgezondheidscentrum Medikuregem VZW","url":"https:\/\/www.medikuregem.be\/","logo":{"@type":"ImageObject","inLanguage":"fr-FR","@id":"https:\/\/www.medikuregem.be\/#\/schema\/logo\/image\/","url":"https:\/\/www.medikuregem.be\/wp-content\/uploads\/2020\/06\/cropped-Logo_WGC_MEDIKUREGEM_rgb_2-kleuren.png","contentUrl":"https:\/\/www.medikuregem.be\/wp-content\/uploads\/2020\/06\/cropped-Logo_WGC_MEDIKUREGEM_rgb_2-kleuren.png","width":2116,"height":484,"caption":"Wijkgezondheidscentrum Medikuregem VZW"},"image":{"@id":"https:\/\/www.medikuregem.be\/#\/schema\/logo\/image\/"}},{"@type":"Person","@id":"https:\/\/www.medikuregem.be\/#\/schema\/person\/07ba63f86067b12f07248aee74beaca8","name":"Kristof","url":"https:\/\/www.medikuregem.be\/fr\/author\/kristof\/"}]}},"_links":{"self":[{"href":"https:\/\/www.medikuregem.be\/fr\/wp-json\/wp\/v2\/posts\/1061","targetHints":{"allow":["GET"]}}],"collection":[{"href":"https:\/\/www.medikuregem.be\/fr\/wp-json\/wp\/v2\/posts"}],"about":[{"href":"https:\/\/www.medikuregem.be\/fr\/wp-json\/wp\/v2\/types\/post"}],"author":[{"embeddable":true,"href":"https:\/\/www.medikuregem.be\/fr\/wp-json\/wp\/v2\/users\/5"}],"replies":[{"embeddable":true,"href":"https:\/\/www.medikuregem.be\/fr\/wp-json\/wp\/v2\/comments?post=1061"}],"version-history":[{"count":9,"href":"https:\/\/www.medikuregem.be\/fr\/wp-json\/wp\/v2\/posts\/1061\/revisions"}],"predecessor-version":[{"id":1535,"href":"https:\/\/www.medikuregem.be\/fr\/wp-json\/wp\/v2\/posts\/1061\/revisions\/1535"}],"wp:featuredmedia":[{"embeddable":true,"href":"https:\/\/www.medikuregem.be\/fr\/wp-json\/wp\/v2\/media\/801"}],"wp:attachment":[{"href":"https:\/\/www.medikuregem.be\/fr\/wp-json\/wp\/v2\/media?parent=1061"}],"wp:term":[{"taxonomy":"category","embeddable":true,"href":"https:\/\/www.medikuregem.be\/fr\/wp-json\/wp\/v2\/categories?post=1061"},{"taxonomy":"post_tag","embeddable":true,"href":"https:\/\/www.medikuregem.be\/fr\/wp-json\/wp\/v2\/tags?post=1061"}],"curies":[{"name":"wp","href":"https:\/\/api.w.org\/{rel}","templated":true}]}}