{"id":1661,"date":"2022-01-17T11:07:33","date_gmt":"2022-01-17T10:07:33","guid":{"rendered":"https:\/\/www.medikuregem.be\/?p=1661"},"modified":"2024-12-17T16:03:56","modified_gmt":"2024-12-17T15:03:56","slug":"un-nouveau-centre-sociale-et-de-sante-a-cureghem","status":"publish","type":"post","link":"https:\/\/www.medikuregem.be\/fr\/plan-goujons\/","title":{"rendered":"Un nouveau centre social et de sant\u00e9 int\u00e9gr\u00e9 \u00e0 Cureghem"},"content":{"rendered":"<p><strong>Medikuregem s&rsquo;est engag\u00e9 \u00e0 r\u00e9aliser un nouveau centre de sant\u00e9 dans la rue des Goujons<!--more-->, au point charni\u00e8re entre Cureghem et le quartier de Biestebroek.<\/strong><\/p>\n<p><strong>Pourquoi est-ce que nous aimerons cr\u00e9er un nouveau centre ?<br \/>\n<\/strong>Medikuregem existe depuis plus de 40 ans et a \u00e9volu\u00e9 d&rsquo;un \u00ab\u00a0cabinet m\u00e9dical\u00a0\u00bb \u00e0 un \u00ab\u00a0centre de sant\u00e9 de quartier\u00a0\u00bb.<\/p>\n<p>Vous pouvez donc nous visiter non seulement pour une visite chez le m\u00e9decin, mais aussi pour b\u00e9n\u00e9ficier du soutien de nos infirmi\u00e8res, de notre assistant social, de nos di\u00e9t\u00e9ticiens, de notre coach sportif, de notre promoteur de sant\u00e9, de nos sages-femmes, etc.<\/p>\n<p>Entre-temps, le quartier se transforme vite et la construction bat son plein !<br \/>\nC&rsquo;est pourquoi Medikuregem \u00e9tendra ses activit\u00e9s dans les prochaines ann\u00e9es avec la cr\u00e9ation d&rsquo;un nouveau centre social sant\u00e9.<\/p>\n<p><a href=\"https:\/\/www.medikuregem.be\/wp-content\/uploads\/2022\/01\/TEKENING-INPLANTING.jpg\" target=\"_blank\" rel=\"noopener\"><img loading=\"lazy\" decoding=\"async\" class=\"aligncenter wp-image-1651 size-full\" src=\"https:\/\/www.medikuregem.be\/wp-content\/uploads\/2022\/01\/TEKENING-INPLANTING.jpg\" alt=\"\" width=\"743\" height=\"425\" srcset=\"https:\/\/www.medikuregem.be\/wp-content\/uploads\/2022\/01\/TEKENING-INPLANTING.jpg 743w, https:\/\/www.medikuregem.be\/wp-content\/uploads\/2022\/01\/TEKENING-INPLANTING-300x172.jpg 300w\" sizes=\"auto, (max-width: 743px) 100vw, 743px\" \/><\/a><\/p>\n<p><strong>O\u00f9 se trouvera le centre ?<br \/>\n<\/strong>Vous avez peut-\u00eatre d\u00e9j\u00e0 remarqu\u00e9 les travaux. Le centre sera situ\u00e9 au rez-de-chauss\u00e9e du nouveau b\u00e2timent \u00e0 l&rsquo;angle de la rue Goujons et de la rue Pr\u00e9vinaire.<\/p>\n<p><strong>Que deviendra de Medikuregem ?<br \/>\n<\/strong>Medikuregem continuera \u00e0 exister tel qu&rsquo;il est maintenant. Nous ne d\u00e9m\u00e9nageons pas, mais nous installerons une \u00ab\u00a0antenne\u00a0\u00bb dans le centre avec un nouveau coll\u00e8gue.<br \/>\nCela nous donnera plus d&rsquo;espace et de possibilit\u00e9s pour r\u00e9pondre aux besoins changeants du quartier.<\/p>\n<p><a href=\"https:\/\/www.medikuregem.be\/wp-content\/uploads\/2022\/01\/20211112-werf-scaled.jpg\" target=\"_blank\" rel=\"noopener\"><img loading=\"lazy\" decoding=\"async\" class=\"aligncenter wp-image-1653 size-large\" src=\"https:\/\/www.medikuregem.be\/wp-content\/uploads\/2022\/01\/20211112-werf-1024x346.jpg\" alt=\"\" width=\"1024\" height=\"346\" srcset=\"https:\/\/www.medikuregem.be\/wp-content\/uploads\/2022\/01\/20211112-werf-1024x346.jpg 1024w, https:\/\/www.medikuregem.be\/wp-content\/uploads\/2022\/01\/20211112-werf-300x101.jpg 300w, https:\/\/www.medikuregem.be\/wp-content\/uploads\/2022\/01\/20211112-werf-768x259.jpg 768w, https:\/\/www.medikuregem.be\/wp-content\/uploads\/2022\/01\/20211112-werf-1536x519.jpg 1536w, https:\/\/www.medikuregem.be\/wp-content\/uploads\/2022\/01\/20211112-werf-2048x692.jpg 2048w\" sizes=\"auto, (max-width: 1024px) 100vw, 1024px\" \/><\/a><\/p>\n<p><strong>Alors quelle est la diff\u00e9rence avec Medikuregem ?<br \/>\n<\/strong>Le nouveau centre sera un peu plus grand, avec de l\u2019espace suppl\u00e9mentaire pour que d&rsquo;autres organisations puissent travailler avec nous.<br \/>\nIl y aura \u00e9galement plus d&rsquo;espace pour les r\u00e9unions et les diverses activit\u00e9s qui favorisent la sant\u00e9 et le bien-\u00eatre.<br \/>\nL&rsquo;id\u00e9e est de travailler ensemble, avec diverses organisations et les habitants du quartier pour construire un cadre de vie bienveillant et r\u00e9silient.<\/p>\n<p><a href=\"https:\/\/www.medikuregem.be\/wp-content\/uploads\/2022\/01\/Maquette-Goujons-scaled-e1642411667642.jpg\" target=\"_blank\" rel=\"noopener\"><img loading=\"lazy\" decoding=\"async\" class=\"aligncenter wp-image-1649 size-amoteam-general\" src=\"https:\/\/www.medikuregem.be\/wp-content\/uploads\/2022\/01\/Maquette-Goujons-scaled-e1642414028388-640x640.jpg\" alt=\"\" width=\"640\" height=\"640\" srcset=\"https:\/\/www.medikuregem.be\/wp-content\/uploads\/2022\/01\/Maquette-Goujons-scaled-e1642414028388-640x640.jpg 640w, https:\/\/www.medikuregem.be\/wp-content\/uploads\/2022\/01\/Maquette-Goujons-scaled-e1642414028388-150x150.jpg 150w, https:\/\/www.medikuregem.be\/wp-content\/uploads\/2022\/01\/Maquette-Goujons-scaled-e1642414028388-100x100.jpg 100w\" sizes=\"auto, (max-width: 640px) 100vw, 640px\" \/><\/a><\/p>\n<p><strong>Qu&rsquo;est-ce que cela signifiera pour moi ?<br \/>\n<\/strong>Le centre ne sera pas ouvert avant 2023. Rien ne changera pour vous, mais \u00e0 l&rsquo;avenir, vous pourrez vous rendre dans le nouveau centre pour b\u00e9n\u00e9ficier de services compl\u00e9mentaires aux services de Medikuregem.<\/p>\n<p><strong>Vous voulez en savoir plus ?<br \/>\n<\/strong>Vous pouvez consulter le site <a href=\"http:\/\/www.plangoujons.be\/fr\/\" target=\"_blank\" rel=\"noopener\">www.plangoujons.be<\/a> ou vous diriger vers notre coll\u00e8gue <a href=\"mailto:katrien.van.remortel@medikuregem.be\" target=\"_blank\" rel=\"noopener\">Katrien<\/a>.<\/p>\n<p><em>La r\u00e9alisation de ce nouveau centre est un projet de collaboration in\u00e9dit entre\u00a0<\/em><em><a href=\"http:\/\/www.medikuregem.be\/\" target=\"_blank\" rel=\"noopener\">Medikuregem<\/a><\/em><em>,\u00a0<\/em><em><a href=\"https:\/\/medecinsdumonde.be\/\" target=\"_blank\" rel=\"noopener\">M\u00e9decins du Monde<\/a><\/em><em>\u00a0et Solidarimmo, avec le soutien du\u00a0<\/em><em><a href=\"https:\/\/feder.brussels\/\" target=\"_blank\" rel=\"noopener\">Fonds euop\u00e9en de d\u00e9veloppement r\u00e9gional (FEDER)<\/a><\/em><em>, octroy\u00e9 par la r\u00e9gion Bruxelles-Capitale.<\/em><\/p>\n<p><img loading=\"lazy\" decoding=\"async\" class=\"wp-image-1658 size-large aligncenter\" src=\"https:\/\/www.medikuregem.be\/wp-content\/uploads\/2022\/01\/BANNER-FEDER-BLAUW-LR-1024x97.jpg\" alt=\"\" width=\"1024\" height=\"97\" srcset=\"https:\/\/www.medikuregem.be\/wp-content\/uploads\/2022\/01\/BANNER-FEDER-BLAUW-LR-1024x97.jpg 1024w, https:\/\/www.medikuregem.be\/wp-content\/uploads\/2022\/01\/BANNER-FEDER-BLAUW-LR-300x28.jpg 300w, https:\/\/www.medikuregem.be\/wp-content\/uploads\/2022\/01\/BANNER-FEDER-BLAUW-LR-768x73.jpg 768w, https:\/\/www.medikuregem.be\/wp-content\/uploads\/2022\/01\/BANNER-FEDER-BLAUW-LR.jpg 1387w\" sizes=\"auto, (max-width: 1024px) 100vw, 1024px\" \/><\/p>\n","protected":false},"excerpt":{"rendered":"<p>Medikuregem s&rsquo;est engag\u00e9 \u00e0 r\u00e9aliser un nouveau centre de sant\u00e9 dans la rue des Goujons<\/p>\n","protected":false},"author":5,"featured_media":1649,"comment_status":"closed","ping_status":"closed","sticky":false,"template":"","format":"standard","meta":{"_monsterinsights_skip_tracking":false,"_monsterinsights_sitenote_active":false,"_monsterinsights_sitenote_note":"","_monsterinsights_sitenote_category":0,"_genesis_hide_title":false,"_genesis_hide_breadcrumbs":false,"_genesis_hide_singular_image":false,"_genesis_hide_footer_widgets":false,"_genesis_custom_body_class":"","_genesis_custom_post_class":"","_genesis_layout":"","footnotes":""},"categories":[69],"tags":[],"class_list":{"0":"post-1661","1":"post","2":"type-post","3":"status-publish","4":"format-standard","5":"has-post-thumbnail","7":"category-nouvelles","8":"entry"},"yoast_head":"<!-- This site is optimized with the Yoast SEO plugin v27.4 - https:\/\/yoast.com\/product\/yoast-seo-wordpress\/ -->\n<title>Un nouveau centre social et de sant\u00e9 int\u00e9gr\u00e9 \u00e0 Cureghem - Medikuregem.be<\/title>\n<meta name=\"robots\" content=\"index, follow, max-snippet:-1, max-image-preview:large, max-video-preview:-1\" \/>\n<link rel=\"canonical\" href=\"https:\/\/www.medikuregem.be\/fr\/plan-goujons\/\" \/>\n<meta property=\"og:locale\" content=\"fr_FR\" \/>\n<meta property=\"og:type\" content=\"article\" \/>\n<meta property=\"og:title\" content=\"Un nouveau centre social et de sant\u00e9 int\u00e9gr\u00e9 \u00e0 Cureghem - Medikuregem.be\" \/>\n<meta property=\"og:description\" content=\"Medikuregem s&rsquo;est engag\u00e9 \u00e0 r\u00e9aliser un nouveau centre de sant\u00e9 dans la rue des Goujons\" \/>\n<meta property=\"og:url\" content=\"https:\/\/www.medikuregem.be\/fr\/plan-goujons\/\" \/>\n<meta property=\"og:site_name\" content=\"Medikuregem.be\" \/>\n<meta property=\"article:published_time\" content=\"2022-01-17T10:07:33+00:00\" \/>\n<meta property=\"article:modified_time\" content=\"2024-12-17T15:03:56+00:00\" \/>\n<meta property=\"og:image\" content=\"https:\/\/www.medikuregem.be\/wp-content\/uploads\/2022\/01\/Maquette-Goujons-scaled-e1642414028388.jpg\" \/>\n\t<meta property=\"og:image:width\" content=\"1939\" \/>\n\t<meta property=\"og:image:height\" content=\"1708\" \/>\n\t<meta property=\"og:image:type\" content=\"image\/jpeg\" \/>\n<meta name=\"author\" content=\"Kristof\" \/>\n<meta name=\"twitter:card\" content=\"summary_large_image\" \/>\n<meta name=\"twitter:label1\" content=\"\u00c9crit par\" \/>\n\t<meta name=\"twitter:data1\" content=\"Kristof\" \/>\n\t<meta name=\"twitter:label2\" content=\"Dur\u00e9e de lecture estim\u00e9e\" \/>\n\t<meta name=\"twitter:data2\" content=\"2 minutes\" \/>\n<script type=\"application\/ld+json\" class=\"yoast-schema-graph\">{\"@context\":\"https:\\\/\\\/schema.org\",\"@graph\":[{\"@type\":\"Article\",\"@id\":\"https:\\\/\\\/www.medikuregem.be\\\/fr\\\/plan-goujons\\\/#article\",\"isPartOf\":{\"@id\":\"https:\\\/\\\/www.medikuregem.be\\\/fr\\\/plan-goujons\\\/\"},\"author\":{\"name\":\"Kristof\",\"@id\":\"https:\\\/\\\/www.medikuregem.be\\\/#\\\/schema\\\/person\\\/07ba63f86067b12f07248aee74beaca8\"},\"headline\":\"Un nouveau centre social et de sant\u00e9 int\u00e9gr\u00e9 \u00e0 Cureghem\",\"datePublished\":\"2022-01-17T10:07:33+00:00\",\"dateModified\":\"2024-12-17T15:03:56+00:00\",\"mainEntityOfPage\":{\"@id\":\"https:\\\/\\\/www.medikuregem.be\\\/fr\\\/plan-goujons\\\/\"},\"wordCount\":420,\"publisher\":{\"@id\":\"https:\\\/\\\/www.medikuregem.be\\\/#organization\"},\"image\":{\"@id\":\"https:\\\/\\\/www.medikuregem.be\\\/fr\\\/plan-goujons\\\/#primaryimage\"},\"thumbnailUrl\":\"https:\\\/\\\/www.medikuregem.be\\\/wp-content\\\/uploads\\\/2022\\\/01\\\/Maquette-Goujons-scaled-e1642414028388.jpg\",\"articleSection\":[\"Nouvelles\"],\"inLanguage\":\"fr-FR\"},{\"@type\":\"WebPage\",\"@id\":\"https:\\\/\\\/www.medikuregem.be\\\/fr\\\/plan-goujons\\\/\",\"url\":\"https:\\\/\\\/www.medikuregem.be\\\/fr\\\/plan-goujons\\\/\",\"name\":\"Un nouveau centre social et de sant\u00e9 int\u00e9gr\u00e9 \u00e0 Cureghem - Medikuregem.be\",\"isPartOf\":{\"@id\":\"https:\\\/\\\/www.medikuregem.be\\\/#website\"},\"primaryImageOfPage\":{\"@id\":\"https:\\\/\\\/www.medikuregem.be\\\/fr\\\/plan-goujons\\\/#primaryimage\"},\"image\":{\"@id\":\"https:\\\/\\\/www.medikuregem.be\\\/fr\\\/plan-goujons\\\/#primaryimage\"},\"thumbnailUrl\":\"https:\\\/\\\/www.medikuregem.be\\\/wp-content\\\/uploads\\\/2022\\\/01\\\/Maquette-Goujons-scaled-e1642414028388.jpg\",\"datePublished\":\"2022-01-17T10:07:33+00:00\",\"dateModified\":\"2024-12-17T15:03:56+00:00\",\"breadcrumb\":{\"@id\":\"https:\\\/\\\/www.medikuregem.be\\\/fr\\\/plan-goujons\\\/#breadcrumb\"},\"inLanguage\":\"fr-FR\",\"potentialAction\":[{\"@type\":\"ReadAction\",\"target\":[\"https:\\\/\\\/www.medikuregem.be\\\/fr\\\/plan-goujons\\\/\"]}]},{\"@type\":\"ImageObject\",\"inLanguage\":\"fr-FR\",\"@id\":\"https:\\\/\\\/www.medikuregem.be\\\/fr\\\/plan-goujons\\\/#primaryimage\",\"url\":\"https:\\\/\\\/www.medikuregem.be\\\/wp-content\\\/uploads\\\/2022\\\/01\\\/Maquette-Goujons-scaled-e1642414028388.jpg\",\"contentUrl\":\"https:\\\/\\\/www.medikuregem.be\\\/wp-content\\\/uploads\\\/2022\\\/01\\\/Maquette-Goujons-scaled-e1642414028388.jpg\",\"width\":1939,\"height\":1708},{\"@type\":\"BreadcrumbList\",\"@id\":\"https:\\\/\\\/www.medikuregem.be\\\/fr\\\/plan-goujons\\\/#breadcrumb\",\"itemListElement\":[{\"@type\":\"ListItem\",\"position\":1,\"name\":\"Home\",\"item\":\"https:\\\/\\\/www.medikuregem.be\\\/fr\\\/home\\\/\"},{\"@type\":\"ListItem\",\"position\":2,\"name\":\"Un nouveau centre social et de sant\u00e9 int\u00e9gr\u00e9 \u00e0 Cureghem\"}]},{\"@type\":\"WebSite\",\"@id\":\"https:\\\/\\\/www.medikuregem.be\\\/#website\",\"url\":\"https:\\\/\\\/www.medikuregem.be\\\/\",\"name\":\"Medikuregem.be\",\"description\":\"\",\"publisher\":{\"@id\":\"https:\\\/\\\/www.medikuregem.be\\\/#organization\"},\"potentialAction\":[{\"@type\":\"SearchAction\",\"target\":{\"@type\":\"EntryPoint\",\"urlTemplate\":\"https:\\\/\\\/www.medikuregem.be\\\/?s={search_term_string}\"},\"query-input\":{\"@type\":\"PropertyValueSpecification\",\"valueRequired\":true,\"valueName\":\"search_term_string\"}}],\"inLanguage\":\"fr-FR\"},{\"@type\":\"Organization\",\"@id\":\"https:\\\/\\\/www.medikuregem.be\\\/#organization\",\"name\":\"Wijkgezondheidscentrum Medikuregem VZW\",\"url\":\"https:\\\/\\\/www.medikuregem.be\\\/\",\"logo\":{\"@type\":\"ImageObject\",\"inLanguage\":\"fr-FR\",\"@id\":\"https:\\\/\\\/www.medikuregem.be\\\/#\\\/schema\\\/logo\\\/image\\\/\",\"url\":\"https:\\\/\\\/www.medikuregem.be\\\/wp-content\\\/uploads\\\/2020\\\/06\\\/cropped-Logo_WGC_MEDIKUREGEM_rgb_2-kleuren.png\",\"contentUrl\":\"https:\\\/\\\/www.medikuregem.be\\\/wp-content\\\/uploads\\\/2020\\\/06\\\/cropped-Logo_WGC_MEDIKUREGEM_rgb_2-kleuren.png\",\"width\":2116,\"height\":484,\"caption\":\"Wijkgezondheidscentrum Medikuregem VZW\"},\"image\":{\"@id\":\"https:\\\/\\\/www.medikuregem.be\\\/#\\\/schema\\\/logo\\\/image\\\/\"}},{\"@type\":\"Person\",\"@id\":\"https:\\\/\\\/www.medikuregem.be\\\/#\\\/schema\\\/person\\\/07ba63f86067b12f07248aee74beaca8\",\"name\":\"Kristof\",\"url\":\"https:\\\/\\\/www.medikuregem.be\\\/fr\\\/author\\\/kristof\\\/\"}]}<\/script>\n<!-- \/ Yoast SEO plugin. -->","yoast_head_json":{"title":"Un nouveau centre social et de sant\u00e9 int\u00e9gr\u00e9 \u00e0 Cureghem - Medikuregem.be","robots":{"index":"index","follow":"follow","max-snippet":"max-snippet:-1","max-image-preview":"max-image-preview:large","max-video-preview":"max-video-preview:-1"},"canonical":"https:\/\/www.medikuregem.be\/fr\/plan-goujons\/","og_locale":"fr_FR","og_type":"article","og_title":"Un nouveau centre social et de sant\u00e9 int\u00e9gr\u00e9 \u00e0 Cureghem - Medikuregem.be","og_description":"Medikuregem s&rsquo;est engag\u00e9 \u00e0 r\u00e9aliser un nouveau centre de sant\u00e9 dans la rue des Goujons","og_url":"https:\/\/www.medikuregem.be\/fr\/plan-goujons\/","og_site_name":"Medikuregem.be","article_published_time":"2022-01-17T10:07:33+00:00","article_modified_time":"2024-12-17T15:03:56+00:00","og_image":[{"width":1939,"height":1708,"url":"https:\/\/www.medikuregem.be\/wp-content\/uploads\/2022\/01\/Maquette-Goujons-scaled-e1642414028388.jpg","type":"image\/jpeg"}],"author":"Kristof","twitter_card":"summary_large_image","twitter_misc":{"\u00c9crit par":"Kristof","Dur\u00e9e de lecture estim\u00e9e":"2 minutes"},"schema":{"@context":"https:\/\/schema.org","@graph":[{"@type":"Article","@id":"https:\/\/www.medikuregem.be\/fr\/plan-goujons\/#article","isPartOf":{"@id":"https:\/\/www.medikuregem.be\/fr\/plan-goujons\/"},"author":{"name":"Kristof","@id":"https:\/\/www.medikuregem.be\/#\/schema\/person\/07ba63f86067b12f07248aee74beaca8"},"headline":"Un nouveau centre social et de sant\u00e9 int\u00e9gr\u00e9 \u00e0 Cureghem","datePublished":"2022-01-17T10:07:33+00:00","dateModified":"2024-12-17T15:03:56+00:00","mainEntityOfPage":{"@id":"https:\/\/www.medikuregem.be\/fr\/plan-goujons\/"},"wordCount":420,"publisher":{"@id":"https:\/\/www.medikuregem.be\/#organization"},"image":{"@id":"https:\/\/www.medikuregem.be\/fr\/plan-goujons\/#primaryimage"},"thumbnailUrl":"https:\/\/www.medikuregem.be\/wp-content\/uploads\/2022\/01\/Maquette-Goujons-scaled-e1642414028388.jpg","articleSection":["Nouvelles"],"inLanguage":"fr-FR"},{"@type":"WebPage","@id":"https:\/\/www.medikuregem.be\/fr\/plan-goujons\/","url":"https:\/\/www.medikuregem.be\/fr\/plan-goujons\/","name":"Un nouveau centre social et de sant\u00e9 int\u00e9gr\u00e9 \u00e0 Cureghem - Medikuregem.be","isPartOf":{"@id":"https:\/\/www.medikuregem.be\/#website"},"primaryImageOfPage":{"@id":"https:\/\/www.medikuregem.be\/fr\/plan-goujons\/#primaryimage"},"image":{"@id":"https:\/\/www.medikuregem.be\/fr\/plan-goujons\/#primaryimage"},"thumbnailUrl":"https:\/\/www.medikuregem.be\/wp-content\/uploads\/2022\/01\/Maquette-Goujons-scaled-e1642414028388.jpg","datePublished":"2022-01-17T10:07:33+00:00","dateModified":"2024-12-17T15:03:56+00:00","breadcrumb":{"@id":"https:\/\/www.medikuregem.be\/fr\/plan-goujons\/#breadcrumb"},"inLanguage":"fr-FR","potentialAction":[{"@type":"ReadAction","target":["https:\/\/www.medikuregem.be\/fr\/plan-goujons\/"]}]},{"@type":"ImageObject","inLanguage":"fr-FR","@id":"https:\/\/www.medikuregem.be\/fr\/plan-goujons\/#primaryimage","url":"https:\/\/www.medikuregem.be\/wp-content\/uploads\/2022\/01\/Maquette-Goujons-scaled-e1642414028388.jpg","contentUrl":"https:\/\/www.medikuregem.be\/wp-content\/uploads\/2022\/01\/Maquette-Goujons-scaled-e1642414028388.jpg","width":1939,"height":1708},{"@type":"BreadcrumbList","@id":"https:\/\/www.medikuregem.be\/fr\/plan-goujons\/#breadcrumb","itemListElement":[{"@type":"ListItem","position":1,"name":"Home","item":"https:\/\/www.medikuregem.be\/fr\/home\/"},{"@type":"ListItem","position":2,"name":"Un nouveau centre social et de sant\u00e9 int\u00e9gr\u00e9 \u00e0 Cureghem"}]},{"@type":"WebSite","@id":"https:\/\/www.medikuregem.be\/#website","url":"https:\/\/www.medikuregem.be\/","name":"Medikuregem.be","description":"","publisher":{"@id":"https:\/\/www.medikuregem.be\/#organization"},"potentialAction":[{"@type":"SearchAction","target":{"@type":"EntryPoint","urlTemplate":"https:\/\/www.medikuregem.be\/?s={search_term_string}"},"query-input":{"@type":"PropertyValueSpecification","valueRequired":true,"valueName":"search_term_string"}}],"inLanguage":"fr-FR"},{"@type":"Organization","@id":"https:\/\/www.medikuregem.be\/#organization","name":"Wijkgezondheidscentrum Medikuregem VZW","url":"https:\/\/www.medikuregem.be\/","logo":{"@type":"ImageObject","inLanguage":"fr-FR","@id":"https:\/\/www.medikuregem.be\/#\/schema\/logo\/image\/","url":"https:\/\/www.medikuregem.be\/wp-content\/uploads\/2020\/06\/cropped-Logo_WGC_MEDIKUREGEM_rgb_2-kleuren.png","contentUrl":"https:\/\/www.medikuregem.be\/wp-content\/uploads\/2020\/06\/cropped-Logo_WGC_MEDIKUREGEM_rgb_2-kleuren.png","width":2116,"height":484,"caption":"Wijkgezondheidscentrum Medikuregem VZW"},"image":{"@id":"https:\/\/www.medikuregem.be\/#\/schema\/logo\/image\/"}},{"@type":"Person","@id":"https:\/\/www.medikuregem.be\/#\/schema\/person\/07ba63f86067b12f07248aee74beaca8","name":"Kristof","url":"https:\/\/www.medikuregem.be\/fr\/author\/kristof\/"}]}},"_links":{"self":[{"href":"https:\/\/www.medikuregem.be\/fr\/wp-json\/wp\/v2\/posts\/1661","targetHints":{"allow":["GET"]}}],"collection":[{"href":"https:\/\/www.medikuregem.be\/fr\/wp-json\/wp\/v2\/posts"}],"about":[{"href":"https:\/\/www.medikuregem.be\/fr\/wp-json\/wp\/v2\/types\/post"}],"author":[{"embeddable":true,"href":"https:\/\/www.medikuregem.be\/fr\/wp-json\/wp\/v2\/users\/5"}],"replies":[{"embeddable":true,"href":"https:\/\/www.medikuregem.be\/fr\/wp-json\/wp\/v2\/comments?post=1661"}],"version-history":[{"count":9,"href":"https:\/\/www.medikuregem.be\/fr\/wp-json\/wp\/v2\/posts\/1661\/revisions"}],"predecessor-version":[{"id":2221,"href":"https:\/\/www.medikuregem.be\/fr\/wp-json\/wp\/v2\/posts\/1661\/revisions\/2221"}],"wp:featuredmedia":[{"embeddable":true,"href":"https:\/\/www.medikuregem.be\/fr\/wp-json\/wp\/v2\/media\/1649"}],"wp:attachment":[{"href":"https:\/\/www.medikuregem.be\/fr\/wp-json\/wp\/v2\/media?parent=1661"}],"wp:term":[{"taxonomy":"category","embeddable":true,"href":"https:\/\/www.medikuregem.be\/fr\/wp-json\/wp\/v2\/categories?post=1661"},{"taxonomy":"post_tag","embeddable":true,"href":"https:\/\/www.medikuregem.be\/fr\/wp-json\/wp\/v2\/tags?post=1661"}],"curies":[{"name":"wp","href":"https:\/\/api.w.org\/{rel}","templated":true}]}}