{"id":2212,"date":"2024-12-17T15:58:17","date_gmt":"2024-12-17T14:58:17","guid":{"rendered":"https:\/\/www.medikuregem.be\/2196\/"},"modified":"2024-12-17T16:01:31","modified_gmt":"2024-12-17T15:01:31","slug":"2196","status":"publish","type":"post","link":"https:\/\/www.medikuregem.be\/fr\/2196\/","title":{"rendered":"L\u2019Aide M\u00e9dicale Urgente et le droit \u00e0 la sant\u00e9 pour tous."},"content":{"rendered":"<p><!--more--><\/p>\n<h2><strong>Lisez le m\u00e9morandum de M\u00e9decins du Monde sur L\u2019Aide M\u00e9dicale Urgente et le droit \u00e0 la sant\u00e9 pour tous<\/strong><\/h2>\n<p>En Belgique, le droit fondamental \u00e0 la sant\u00e9 pour les personnes en s\u00e9jour irr\u00e9gulier et les personnes ayant perdu (temporairement) leur acc\u00e8s \u00e0 l\u2019assurance maladie est garanti par l\u2019Aide M\u00e9dicale Urgente (AMU). Ce droit, contrairement \u00e0 ce que laisse sous-entendre sa d\u00e9nomination, couvre tous les soins de sant\u00e9 n\u00e9cessaires, qu\u2019ils soient pr\u00e9ventifs ou curatifs. L\u2019AMU doit donc \u00eatre comprise comme une aide n\u00e9cessaire et ne doit pas \u00eatre confondue avec l\u2019urgence au sens m\u00e9dical et hospitalier. Cette aide m\u00e9dicale rel\u00e8ve d\u2019une comp\u00e9tence f\u00e9d\u00e9rale, coordonn\u00e9e au niveau local par les CPAS.<\/p>\n<p>M\u00e9decins du Monde demande dans un m\u00e9morandum sur l&rsquo;Aide M\u00e9dicale Urgente \u00e0 tous les politiciens et d\u00e9cideurs politiques de veiller \u00e0 l&rsquo;application correcte du cadre juridique relatif \u00e0 l&rsquo;AMD et de simplifier et d&rsquo;harmoniser le syst\u00e8me. Medikurgem est l&rsquo;un des signataires.<\/p>\n<p>M\u00e9decins du Monde propose les recommandations suivantes :<\/p>\n<ol>\n<li>Cr\u00e9ation d&rsquo;un organe de concertation et de d\u00e9cision national, repr\u00e9sentant les diverses parties prenantes<\/li>\n<li>Am\u00e9lioration de l&rsquo;acc\u00e8s \u00e0 l&rsquo;information sur l\u2019AMU, tant parmi les ayants-droit que parmi les prestataires de soins et les assistants sociaux<\/li>\n<li>Simplification et harmonisation de l&rsquo;acc\u00e8s \u00e0 l\u2019AMU<\/li>\n<li>Simplification et harmonisation de la couverture de l\u2019AMU<\/li>\n<li>Respect pour le cadre l\u00e9gal, quel que soit le CPAS qui fournit l&rsquo;aide ou l&rsquo;\u00e9tat de sant\u00e9 du b\u00e9n\u00e9ficiaire<\/li>\n<\/ol>\n<p>Dans le m\u00e9morandum, vous lisez tout ce qui concerne l\u2019AMU et les recommandations que Medikuregem soutient \u00e9galement. Vous pouvez retrouver le m\u00e9morandum en cliquant sur les liens suivants\u00a0:<\/p>\n<p><a href=\"https:\/\/medecinsdumonde.be\/actualites-publications\/publications\/memorandum-elections-2024\">https:\/\/medecinsdumonde.be\/actualites-publications\/publications\/memorandum-elections-2024<\/a><\/p>\n","protected":false},"excerpt":{"rendered":"","protected":false},"author":5,"featured_media":2214,"comment_status":"closed","ping_status":"closed","sticky":false,"template":"","format":"standard","meta":{"_monsterinsights_skip_tracking":false,"_monsterinsights_sitenote_active":false,"_monsterinsights_sitenote_note":"","_monsterinsights_sitenote_category":0,"_genesis_hide_title":false,"_genesis_hide_breadcrumbs":false,"_genesis_hide_singular_image":false,"_genesis_hide_footer_widgets":false,"_genesis_custom_body_class":"","_genesis_custom_post_class":"","_genesis_layout":"","footnotes":""},"categories":[69],"tags":[],"class_list":{"0":"post-2212","1":"post","2":"type-post","3":"status-publish","4":"format-standard","5":"has-post-thumbnail","7":"category-nouvelles","8":"entry"},"yoast_head":"<!-- This site is optimized with the Yoast SEO plugin v27.4 - https:\/\/yoast.com\/product\/yoast-seo-wordpress\/ -->\n<title>L\u2019Aide M\u00e9dicale Urgente et le droit \u00e0 la sant\u00e9 pour tous. - Medikuregem.be<\/title>\n<meta name=\"robots\" content=\"index, follow, max-snippet:-1, max-image-preview:large, max-video-preview:-1\" \/>\n<link rel=\"canonical\" href=\"https:\/\/www.medikuregem.be\/fr\/2196\/\" \/>\n<meta property=\"og:locale\" content=\"fr_FR\" \/>\n<meta property=\"og:type\" content=\"article\" \/>\n<meta property=\"og:title\" content=\"L\u2019Aide M\u00e9dicale Urgente et le droit \u00e0 la sant\u00e9 pour tous. - Medikuregem.be\" \/>\n<meta property=\"og:url\" content=\"https:\/\/www.medikuregem.be\/fr\/2196\/\" \/>\n<meta property=\"og:site_name\" content=\"Medikuregem.be\" \/>\n<meta property=\"article:published_time\" content=\"2024-12-17T14:58:17+00:00\" \/>\n<meta property=\"article:modified_time\" content=\"2024-12-17T15:01:31+00:00\" \/>\n<meta property=\"og:image\" content=\"https:\/\/www.medikuregem.be\/wp-content\/uploads\/2024\/12\/Memorandum-AMU-FR-1.png\" \/>\n\t<meta property=\"og:image:width\" content=\"407\" \/>\n\t<meta property=\"og:image:height\" content=\"405\" \/>\n\t<meta property=\"og:image:type\" content=\"image\/png\" \/>\n<meta name=\"author\" content=\"Kristof\" \/>\n<meta name=\"twitter:card\" content=\"summary_large_image\" \/>\n<meta name=\"twitter:label1\" content=\"\u00c9crit par\" \/>\n\t<meta name=\"twitter:data1\" content=\"Kristof\" \/>\n\t<meta name=\"twitter:label2\" content=\"Dur\u00e9e de lecture estim\u00e9e\" \/>\n\t<meta name=\"twitter:data2\" content=\"1 minute\" \/>\n<script type=\"application\/ld+json\" class=\"yoast-schema-graph\">{\"@context\":\"https:\\\/\\\/schema.org\",\"@graph\":[{\"@type\":\"Article\",\"@id\":\"https:\\\/\\\/www.medikuregem.be\\\/fr\\\/2196\\\/#article\",\"isPartOf\":{\"@id\":\"https:\\\/\\\/www.medikuregem.be\\\/fr\\\/2196\\\/\"},\"author\":{\"name\":\"Kristof\",\"@id\":\"https:\\\/\\\/www.medikuregem.be\\\/#\\\/schema\\\/person\\\/07ba63f86067b12f07248aee74beaca8\"},\"headline\":\"L\u2019Aide M\u00e9dicale Urgente et le droit \u00e0 la sant\u00e9 pour tous.\",\"datePublished\":\"2024-12-17T14:58:17+00:00\",\"dateModified\":\"2024-12-17T15:01:31+00:00\",\"mainEntityOfPage\":{\"@id\":\"https:\\\/\\\/www.medikuregem.be\\\/fr\\\/2196\\\/\"},\"wordCount\":320,\"publisher\":{\"@id\":\"https:\\\/\\\/www.medikuregem.be\\\/#organization\"},\"image\":{\"@id\":\"https:\\\/\\\/www.medikuregem.be\\\/fr\\\/2196\\\/#primaryimage\"},\"thumbnailUrl\":\"https:\\\/\\\/www.medikuregem.be\\\/wp-content\\\/uploads\\\/2024\\\/12\\\/Memorandum-AMU-FR-1.png\",\"articleSection\":[\"Nouvelles\"],\"inLanguage\":\"fr-FR\"},{\"@type\":\"WebPage\",\"@id\":\"https:\\\/\\\/www.medikuregem.be\\\/fr\\\/2196\\\/\",\"url\":\"https:\\\/\\\/www.medikuregem.be\\\/fr\\\/2196\\\/\",\"name\":\"L\u2019Aide M\u00e9dicale Urgente et le droit \u00e0 la sant\u00e9 pour tous. - Medikuregem.be\",\"isPartOf\":{\"@id\":\"https:\\\/\\\/www.medikuregem.be\\\/#website\"},\"primaryImageOfPage\":{\"@id\":\"https:\\\/\\\/www.medikuregem.be\\\/fr\\\/2196\\\/#primaryimage\"},\"image\":{\"@id\":\"https:\\\/\\\/www.medikuregem.be\\\/fr\\\/2196\\\/#primaryimage\"},\"thumbnailUrl\":\"https:\\\/\\\/www.medikuregem.be\\\/wp-content\\\/uploads\\\/2024\\\/12\\\/Memorandum-AMU-FR-1.png\",\"datePublished\":\"2024-12-17T14:58:17+00:00\",\"dateModified\":\"2024-12-17T15:01:31+00:00\",\"breadcrumb\":{\"@id\":\"https:\\\/\\\/www.medikuregem.be\\\/fr\\\/2196\\\/#breadcrumb\"},\"inLanguage\":\"fr-FR\",\"potentialAction\":[{\"@type\":\"ReadAction\",\"target\":[\"https:\\\/\\\/www.medikuregem.be\\\/fr\\\/2196\\\/\"]}]},{\"@type\":\"ImageObject\",\"inLanguage\":\"fr-FR\",\"@id\":\"https:\\\/\\\/www.medikuregem.be\\\/fr\\\/2196\\\/#primaryimage\",\"url\":\"https:\\\/\\\/www.medikuregem.be\\\/wp-content\\\/uploads\\\/2024\\\/12\\\/Memorandum-AMU-FR-1.png\",\"contentUrl\":\"https:\\\/\\\/www.medikuregem.be\\\/wp-content\\\/uploads\\\/2024\\\/12\\\/Memorandum-AMU-FR-1.png\",\"width\":407,\"height\":405},{\"@type\":\"BreadcrumbList\",\"@id\":\"https:\\\/\\\/www.medikuregem.be\\\/fr\\\/2196\\\/#breadcrumb\",\"itemListElement\":[{\"@type\":\"ListItem\",\"position\":1,\"name\":\"Home\",\"item\":\"https:\\\/\\\/www.medikuregem.be\\\/fr\\\/home\\\/\"},{\"@type\":\"ListItem\",\"position\":2,\"name\":\"L\u2019Aide M\u00e9dicale Urgente et le droit \u00e0 la sant\u00e9 pour tous.\"}]},{\"@type\":\"WebSite\",\"@id\":\"https:\\\/\\\/www.medikuregem.be\\\/#website\",\"url\":\"https:\\\/\\\/www.medikuregem.be\\\/\",\"name\":\"Medikuregem.be\",\"description\":\"\",\"publisher\":{\"@id\":\"https:\\\/\\\/www.medikuregem.be\\\/#organization\"},\"potentialAction\":[{\"@type\":\"SearchAction\",\"target\":{\"@type\":\"EntryPoint\",\"urlTemplate\":\"https:\\\/\\\/www.medikuregem.be\\\/?s={search_term_string}\"},\"query-input\":{\"@type\":\"PropertyValueSpecification\",\"valueRequired\":true,\"valueName\":\"search_term_string\"}}],\"inLanguage\":\"fr-FR\"},{\"@type\":\"Organization\",\"@id\":\"https:\\\/\\\/www.medikuregem.be\\\/#organization\",\"name\":\"Wijkgezondheidscentrum Medikuregem VZW\",\"url\":\"https:\\\/\\\/www.medikuregem.be\\\/\",\"logo\":{\"@type\":\"ImageObject\",\"inLanguage\":\"fr-FR\",\"@id\":\"https:\\\/\\\/www.medikuregem.be\\\/#\\\/schema\\\/logo\\\/image\\\/\",\"url\":\"https:\\\/\\\/www.medikuregem.be\\\/wp-content\\\/uploads\\\/2020\\\/06\\\/cropped-Logo_WGC_MEDIKUREGEM_rgb_2-kleuren.png\",\"contentUrl\":\"https:\\\/\\\/www.medikuregem.be\\\/wp-content\\\/uploads\\\/2020\\\/06\\\/cropped-Logo_WGC_MEDIKUREGEM_rgb_2-kleuren.png\",\"width\":2116,\"height\":484,\"caption\":\"Wijkgezondheidscentrum Medikuregem VZW\"},\"image\":{\"@id\":\"https:\\\/\\\/www.medikuregem.be\\\/#\\\/schema\\\/logo\\\/image\\\/\"}},{\"@type\":\"Person\",\"@id\":\"https:\\\/\\\/www.medikuregem.be\\\/#\\\/schema\\\/person\\\/07ba63f86067b12f07248aee74beaca8\",\"name\":\"Kristof\",\"url\":\"https:\\\/\\\/www.medikuregem.be\\\/fr\\\/author\\\/kristof\\\/\"}]}<\/script>\n<!-- \/ Yoast SEO plugin. -->","yoast_head_json":{"title":"L\u2019Aide M\u00e9dicale Urgente et le droit \u00e0 la sant\u00e9 pour tous. - Medikuregem.be","robots":{"index":"index","follow":"follow","max-snippet":"max-snippet:-1","max-image-preview":"max-image-preview:large","max-video-preview":"max-video-preview:-1"},"canonical":"https:\/\/www.medikuregem.be\/fr\/2196\/","og_locale":"fr_FR","og_type":"article","og_title":"L\u2019Aide M\u00e9dicale Urgente et le droit \u00e0 la sant\u00e9 pour tous. - Medikuregem.be","og_url":"https:\/\/www.medikuregem.be\/fr\/2196\/","og_site_name":"Medikuregem.be","article_published_time":"2024-12-17T14:58:17+00:00","article_modified_time":"2024-12-17T15:01:31+00:00","og_image":[{"width":407,"height":405,"url":"https:\/\/www.medikuregem.be\/wp-content\/uploads\/2024\/12\/Memorandum-AMU-FR-1.png","type":"image\/png"}],"author":"Kristof","twitter_card":"summary_large_image","twitter_misc":{"\u00c9crit par":"Kristof","Dur\u00e9e de lecture estim\u00e9e":"1 minute"},"schema":{"@context":"https:\/\/schema.org","@graph":[{"@type":"Article","@id":"https:\/\/www.medikuregem.be\/fr\/2196\/#article","isPartOf":{"@id":"https:\/\/www.medikuregem.be\/fr\/2196\/"},"author":{"name":"Kristof","@id":"https:\/\/www.medikuregem.be\/#\/schema\/person\/07ba63f86067b12f07248aee74beaca8"},"headline":"L\u2019Aide M\u00e9dicale Urgente et le droit \u00e0 la sant\u00e9 pour tous.","datePublished":"2024-12-17T14:58:17+00:00","dateModified":"2024-12-17T15:01:31+00:00","mainEntityOfPage":{"@id":"https:\/\/www.medikuregem.be\/fr\/2196\/"},"wordCount":320,"publisher":{"@id":"https:\/\/www.medikuregem.be\/#organization"},"image":{"@id":"https:\/\/www.medikuregem.be\/fr\/2196\/#primaryimage"},"thumbnailUrl":"https:\/\/www.medikuregem.be\/wp-content\/uploads\/2024\/12\/Memorandum-AMU-FR-1.png","articleSection":["Nouvelles"],"inLanguage":"fr-FR"},{"@type":"WebPage","@id":"https:\/\/www.medikuregem.be\/fr\/2196\/","url":"https:\/\/www.medikuregem.be\/fr\/2196\/","name":"L\u2019Aide M\u00e9dicale Urgente et le droit \u00e0 la sant\u00e9 pour tous. - Medikuregem.be","isPartOf":{"@id":"https:\/\/www.medikuregem.be\/#website"},"primaryImageOfPage":{"@id":"https:\/\/www.medikuregem.be\/fr\/2196\/#primaryimage"},"image":{"@id":"https:\/\/www.medikuregem.be\/fr\/2196\/#primaryimage"},"thumbnailUrl":"https:\/\/www.medikuregem.be\/wp-content\/uploads\/2024\/12\/Memorandum-AMU-FR-1.png","datePublished":"2024-12-17T14:58:17+00:00","dateModified":"2024-12-17T15:01:31+00:00","breadcrumb":{"@id":"https:\/\/www.medikuregem.be\/fr\/2196\/#breadcrumb"},"inLanguage":"fr-FR","potentialAction":[{"@type":"ReadAction","target":["https:\/\/www.medikuregem.be\/fr\/2196\/"]}]},{"@type":"ImageObject","inLanguage":"fr-FR","@id":"https:\/\/www.medikuregem.be\/fr\/2196\/#primaryimage","url":"https:\/\/www.medikuregem.be\/wp-content\/uploads\/2024\/12\/Memorandum-AMU-FR-1.png","contentUrl":"https:\/\/www.medikuregem.be\/wp-content\/uploads\/2024\/12\/Memorandum-AMU-FR-1.png","width":407,"height":405},{"@type":"BreadcrumbList","@id":"https:\/\/www.medikuregem.be\/fr\/2196\/#breadcrumb","itemListElement":[{"@type":"ListItem","position":1,"name":"Home","item":"https:\/\/www.medikuregem.be\/fr\/home\/"},{"@type":"ListItem","position":2,"name":"L\u2019Aide M\u00e9dicale Urgente et le droit \u00e0 la sant\u00e9 pour tous."}]},{"@type":"WebSite","@id":"https:\/\/www.medikuregem.be\/#website","url":"https:\/\/www.medikuregem.be\/","name":"Medikuregem.be","description":"","publisher":{"@id":"https:\/\/www.medikuregem.be\/#organization"},"potentialAction":[{"@type":"SearchAction","target":{"@type":"EntryPoint","urlTemplate":"https:\/\/www.medikuregem.be\/?s={search_term_string}"},"query-input":{"@type":"PropertyValueSpecification","valueRequired":true,"valueName":"search_term_string"}}],"inLanguage":"fr-FR"},{"@type":"Organization","@id":"https:\/\/www.medikuregem.be\/#organization","name":"Wijkgezondheidscentrum Medikuregem VZW","url":"https:\/\/www.medikuregem.be\/","logo":{"@type":"ImageObject","inLanguage":"fr-FR","@id":"https:\/\/www.medikuregem.be\/#\/schema\/logo\/image\/","url":"https:\/\/www.medikuregem.be\/wp-content\/uploads\/2020\/06\/cropped-Logo_WGC_MEDIKUREGEM_rgb_2-kleuren.png","contentUrl":"https:\/\/www.medikuregem.be\/wp-content\/uploads\/2020\/06\/cropped-Logo_WGC_MEDIKUREGEM_rgb_2-kleuren.png","width":2116,"height":484,"caption":"Wijkgezondheidscentrum Medikuregem VZW"},"image":{"@id":"https:\/\/www.medikuregem.be\/#\/schema\/logo\/image\/"}},{"@type":"Person","@id":"https:\/\/www.medikuregem.be\/#\/schema\/person\/07ba63f86067b12f07248aee74beaca8","name":"Kristof","url":"https:\/\/www.medikuregem.be\/fr\/author\/kristof\/"}]}},"_links":{"self":[{"href":"https:\/\/www.medikuregem.be\/fr\/wp-json\/wp\/v2\/posts\/2212","targetHints":{"allow":["GET"]}}],"collection":[{"href":"https:\/\/www.medikuregem.be\/fr\/wp-json\/wp\/v2\/posts"}],"about":[{"href":"https:\/\/www.medikuregem.be\/fr\/wp-json\/wp\/v2\/types\/post"}],"author":[{"embeddable":true,"href":"https:\/\/www.medikuregem.be\/fr\/wp-json\/wp\/v2\/users\/5"}],"replies":[{"embeddable":true,"href":"https:\/\/www.medikuregem.be\/fr\/wp-json\/wp\/v2\/comments?post=2212"}],"version-history":[{"count":3,"href":"https:\/\/www.medikuregem.be\/fr\/wp-json\/wp\/v2\/posts\/2212\/revisions"}],"predecessor-version":[{"id":2219,"href":"https:\/\/www.medikuregem.be\/fr\/wp-json\/wp\/v2\/posts\/2212\/revisions\/2219"}],"wp:featuredmedia":[{"embeddable":true,"href":"https:\/\/www.medikuregem.be\/fr\/wp-json\/wp\/v2\/media\/2214"}],"wp:attachment":[{"href":"https:\/\/www.medikuregem.be\/fr\/wp-json\/wp\/v2\/media?parent=2212"}],"wp:term":[{"taxonomy":"category","embeddable":true,"href":"https:\/\/www.medikuregem.be\/fr\/wp-json\/wp\/v2\/categories?post=2212"},{"taxonomy":"post_tag","embeddable":true,"href":"https:\/\/www.medikuregem.be\/fr\/wp-json\/wp\/v2\/tags?post=2212"}],"curies":[{"name":"wp","href":"https:\/\/api.w.org\/{rel}","templated":true}]}}